{"id":72,"date":"2022-03-15T12:33:56","date_gmt":"2022-03-15T12:33:56","guid":{"rendered":"http:\/\/themes.themegoods.com\/grandtour\/demo\/?p=72"},"modified":"2022-04-11T21:27:58","modified_gmt":"2022-04-11T21:27:58","slug":"la-comida-de-ramadan-marroqui-mas-comun","status":"publish","type":"post","link":"https:\/\/www.gitetalassemtane.com\/es\/la-comida-de-ramadan-marroqui-mas-comun\/","title":{"rendered":"La comida de Ramad\u00e1n marroqu\u00ed m\u00e1s com\u00fan"},"content":{"rendered":"\n<p>Para los musulmanes, el desayuno durante el Ramad\u00e1n, que se come al atardecer, tiene que ser la comida m\u00e1s elegante de todas. Y as\u00ed es durante todo el mes. Cada d\u00eda, las familias intentan que el desayuno de Ramad\u00e1n \u2014Iftar\u2014 sea un poco mejor que el d\u00eda anterior.<\/p>\n\n\n\n<p>Ramad\u00e1n es tambi\u00e9n el mejor momento para exhibir y probar lo mejor de lo que la cocina marroqu\u00ed e internacional tiene para ofrecer. Ramad\u00e1n es posiblemente uno de los mejores momentos para visitar Marruecos si eres un entusiasta. Tal vez incluso puedas intentar ayunar si no eres musulm\u00e1n; ciertamente hace que la comida sepa mejor al final del d\u00eda.<\/p>\n\n\n\n<p>De todos modos, algunos alimentos se destacan como est\u00e1ndares de Ramad\u00e1n. Estos alimentos son alimentos que encuentras en cada mesa de Ramad\u00e1n en Marruecos. Algunos de ellos incluso son exclusivos de Ramad\u00e1n. Entonces, aqu\u00ed est\u00e1 la lista de la comida de Ramad\u00e1n marroqu\u00ed m\u00e1s ic\u00f3nica.<\/p>\n","protected":false},"excerpt":{"rendered":"<p>Para los musulmanes, el desayuno durante el Ramad\u00e1n, que se come al atardecer, tiene que ser la comida m\u00e1s elegante de todas. Y as\u00ed es durante todo el mes. Cada d\u00eda, las familias intentan que el desayuno de Ramad\u00e1n \u2014Iftar\u2014 [&hellip;]<\/p>\n","protected":false},"author":1,"featured_media":4054,"comment_status":"open","ping_status":"open","sticky":false,"template":"","format":"standard","meta":{"footnotes":""},"categories":[16],"tags":[18,19,22],"class_list":["post-72","post","type-post","status-publish","format-standard","has-post-thumbnail","hentry","category-travel-tips","tag-passport","tag-plan","tag-world"],"yoast_head":"<!-- This site is optimized with the Yoast SEO plugin v19.1 - https:\/\/yoast.com\/wordpress\/plugins\/seo\/ -->\n<title>La comida de Ramad\u00e1n marroqu\u00ed m\u00e1s com\u00fan - Ecoturismo Senderismo Chefchaouen<\/title>\n<meta name=\"robots\" content=\"index, follow, max-snippet:-1, max-image-preview:large, max-video-preview:-1\" \/>\n<link rel=\"canonical\" href=\"https:\/\/www.gitetalassemtane.com\/es\/la-comida-de-ramadan-marroqui-mas-comun\/\" \/>\n<meta property=\"og:locale\" content=\"es_ES\" \/>\n<meta property=\"og:type\" content=\"article\" \/>\n<meta property=\"og:title\" content=\"La comida de Ramad\u00e1n marroqu\u00ed m\u00e1s com\u00fan - Ecoturismo Senderismo Chefchaouen\" \/>\n<meta property=\"og:description\" content=\"Para los musulmanes, el desayuno durante el Ramad\u00e1n, que se come al atardecer, tiene que ser la comida m\u00e1s elegante de todas. Y as\u00ed es durante todo el mes. Cada d\u00eda, las familias intentan que el desayuno de Ramad\u00e1n \u2014Iftar\u2014 [&hellip;]\" \/>\n<meta property=\"og:url\" content=\"https:\/\/www.gitetalassemtane.com\/es\/la-comida-de-ramadan-marroqui-mas-comun\/\" \/>\n<meta property=\"og:site_name\" content=\"Ecoturismo Senderismo Chefchaouen\" \/>\n<meta property=\"article:published_time\" content=\"2022-03-15T12:33:56+00:00\" \/>\n<meta property=\"article:modified_time\" content=\"2022-04-11T21:27:58+00:00\" \/>\n<meta property=\"og:image\" content=\"https:\/\/www.gitetalassemtane.com\/es\/wp-content\/uploads\/2016\/12\/morocco-in-ramadan.jpg\" \/>\n\t<meta property=\"og:image:width\" content=\"900\" \/>\n\t<meta property=\"og:image:height\" content=\"600\" \/>\n\t<meta property=\"og:image:type\" content=\"image\/jpeg\" \/>\n<meta name=\"twitter:card\" content=\"summary_large_image\" \/>\n<meta name=\"twitter:label1\" content=\"Escrito por\" \/>\n\t<meta name=\"twitter:data1\" content=\"gitetalassemtane\" \/>\n\t<meta name=\"twitter:label2\" content=\"Tiempo de lectura\" \/>\n\t<meta name=\"twitter:data2\" content=\"1 minuto\" \/>\n<script type=\"application\/ld+json\" class=\"yoast-schema-graph\">{\"@context\":\"https:\/\/schema.org\",\"@graph\":[{\"@type\":\"WebSite\",\"@id\":\"https:\/\/www.gitetalassemtane.com\/es\/#website\",\"url\":\"https:\/\/www.gitetalassemtane.com\/es\/\",\"name\":\"Ecoturismo Senderismo Chefchaouen\",\"description\":\"Turismo Sostenible En Chefchaouen Y Las Monta\u00f1as Del Rif\",\"publisher\":{\"@id\":\"https:\/\/www.gitetalassemtane.com\/es\/#\/schema\/person\/da2eed6234fd7fec1eff986aa57e99e2\"},\"potentialAction\":[{\"@type\":\"SearchAction\",\"target\":{\"@type\":\"EntryPoint\",\"urlTemplate\":\"https:\/\/www.gitetalassemtane.com\/es\/?s={search_term_string}\"},\"query-input\":\"required name=search_term_string\"}],\"inLanguage\":\"es\"},{\"@type\":\"ImageObject\",\"inLanguage\":\"es\",\"@id\":\"https:\/\/www.gitetalassemtane.com\/es\/la-comida-de-ramadan-marroqui-mas-comun\/#primaryimage\",\"url\":\"https:\/\/www.gitetalassemtane.com\/es\/wp-content\/uploads\/2016\/12\/morocco-in-ramadan.jpg\",\"contentUrl\":\"https:\/\/www.gitetalassemtane.com\/es\/wp-content\/uploads\/2016\/12\/morocco-in-ramadan.jpg\",\"width\":900,\"height\":600},{\"@type\":\"WebPage\",\"@id\":\"https:\/\/www.gitetalassemtane.com\/es\/la-comida-de-ramadan-marroqui-mas-comun\/#webpage\",\"url\":\"https:\/\/www.gitetalassemtane.com\/es\/la-comida-de-ramadan-marroqui-mas-comun\/\",\"name\":\"La comida de Ramad\u00e1n marroqu\u00ed m\u00e1s com\u00fan - Ecoturismo Senderismo Chefchaouen\",\"isPartOf\":{\"@id\":\"https:\/\/www.gitetalassemtane.com\/es\/#website\"},\"primaryImageOfPage\":{\"@id\":\"https:\/\/www.gitetalassemtane.com\/es\/la-comida-de-ramadan-marroqui-mas-comun\/#primaryimage\"},\"datePublished\":\"2022-03-15T12:33:56+00:00\",\"dateModified\":\"2022-04-11T21:27:58+00:00\",\"breadcrumb\":{\"@id\":\"https:\/\/www.gitetalassemtane.com\/es\/la-comida-de-ramadan-marroqui-mas-comun\/#breadcrumb\"},\"inLanguage\":\"es\",\"potentialAction\":[{\"@type\":\"ReadAction\",\"target\":[\"https:\/\/www.gitetalassemtane.com\/es\/la-comida-de-ramadan-marroqui-mas-comun\/\"]}]},{\"@type\":\"BreadcrumbList\",\"@id\":\"https:\/\/www.gitetalassemtane.com\/es\/la-comida-de-ramadan-marroqui-mas-comun\/#breadcrumb\",\"itemListElement\":[{\"@type\":\"ListItem\",\"position\":1,\"name\":\"Portada\",\"item\":\"https:\/\/www.gitetalassemtane.com\/es\/\"},{\"@type\":\"ListItem\",\"position\":2,\"name\":\"La comida de Ramad\u00e1n marroqu\u00ed m\u00e1s com\u00fan\"}]},{\"@type\":\"Article\",\"@id\":\"https:\/\/www.gitetalassemtane.com\/es\/la-comida-de-ramadan-marroqui-mas-comun\/#article\",\"isPartOf\":{\"@id\":\"https:\/\/www.gitetalassemtane.com\/es\/la-comida-de-ramadan-marroqui-mas-comun\/#webpage\"},\"author\":{\"@id\":\"https:\/\/www.gitetalassemtane.com\/es\/#\/schema\/person\/da2eed6234fd7fec1eff986aa57e99e2\"},\"headline\":\"La comida de Ramad\u00e1n marroqu\u00ed m\u00e1s com\u00fan\",\"datePublished\":\"2022-03-15T12:33:56+00:00\",\"dateModified\":\"2022-04-11T21:27:58+00:00\",\"mainEntityOfPage\":{\"@id\":\"https:\/\/www.gitetalassemtane.com\/es\/la-comida-de-ramadan-marroqui-mas-comun\/#webpage\"},\"wordCount\":179,\"commentCount\":0,\"publisher\":{\"@id\":\"https:\/\/www.gitetalassemtane.com\/es\/#\/schema\/person\/da2eed6234fd7fec1eff986aa57e99e2\"},\"image\":{\"@id\":\"https:\/\/www.gitetalassemtane.com\/es\/la-comida-de-ramadan-marroqui-mas-comun\/#primaryimage\"},\"thumbnailUrl\":\"https:\/\/www.gitetalassemtane.com\/es\/wp-content\/uploads\/2016\/12\/morocco-in-ramadan.jpg\",\"keywords\":[\"passport\",\"plan\",\"world\"],\"articleSection\":[\"Travel Tips\"],\"inLanguage\":\"es\",\"potentialAction\":[{\"@type\":\"CommentAction\",\"name\":\"Comment\",\"target\":[\"https:\/\/www.gitetalassemtane.com\/es\/la-comida-de-ramadan-marroqui-mas-comun\/#respond\"]}]},{\"@type\":[\"Person\",\"Organization\"],\"@id\":\"https:\/\/www.gitetalassemtane.com\/es\/#\/schema\/person\/da2eed6234fd7fec1eff986aa57e99e2\",\"name\":\"gitetalassemtane\",\"image\":{\"@type\":\"ImageObject\",\"inLanguage\":\"es\",\"@id\":\"https:\/\/www.gitetalassemtane.com\/es\/#\/schema\/person\/image\/\",\"url\":\"https:\/\/www.gitetalassemtane.com\/es\/wp-content\/uploads\/2022\/08\/logo-gite.jpeg\",\"contentUrl\":\"https:\/\/www.gitetalassemtane.com\/es\/wp-content\/uploads\/2022\/08\/logo-gite.jpeg\",\"width\":1280,\"height\":1280,\"caption\":\"gitetalassemtane\"},\"logo\":{\"@id\":\"https:\/\/www.gitetalassemtane.com\/es\/#\/schema\/person\/image\/\"},\"sameAs\":[\"https:\/\/gitetalassemtane.com\"],\"url\":\"https:\/\/www.gitetalassemtane.com\/es\/author\/gitetalassemtane\/\"}]}<\/script>\n<!-- \/ Yoast SEO plugin. -->","yoast_head_json":{"title":"La comida de Ramad\u00e1n marroqu\u00ed m\u00e1s com\u00fan - Ecoturismo Senderismo Chefchaouen","robots":{"index":"index","follow":"follow","max-snippet":"max-snippet:-1","max-image-preview":"max-image-preview:large","max-video-preview":"max-video-preview:-1"},"canonical":"https:\/\/www.gitetalassemtane.com\/es\/la-comida-de-ramadan-marroqui-mas-comun\/","og_locale":"es_ES","og_type":"article","og_title":"La comida de Ramad\u00e1n marroqu\u00ed m\u00e1s com\u00fan - Ecoturismo Senderismo Chefchaouen","og_description":"Para los musulmanes, el desayuno durante el Ramad\u00e1n, que se come al atardecer, tiene que ser la comida m\u00e1s elegante de todas. Y as\u00ed es durante todo el mes. Cada d\u00eda, las familias intentan que el desayuno de Ramad\u00e1n \u2014Iftar\u2014 [&hellip;]","og_url":"https:\/\/www.gitetalassemtane.com\/es\/la-comida-de-ramadan-marroqui-mas-comun\/","og_site_name":"Ecoturismo Senderismo Chefchaouen","article_published_time":"2022-03-15T12:33:56+00:00","article_modified_time":"2022-04-11T21:27:58+00:00","og_image":[{"width":900,"height":600,"url":"https:\/\/www.gitetalassemtane.com\/es\/wp-content\/uploads\/2016\/12\/morocco-in-ramadan.jpg","type":"image\/jpeg"}],"twitter_card":"summary_large_image","twitter_misc":{"Escrito por":"gitetalassemtane","Tiempo de lectura":"1 minuto"},"schema":{"@context":"https:\/\/schema.org","@graph":[{"@type":"WebSite","@id":"https:\/\/www.gitetalassemtane.com\/es\/#website","url":"https:\/\/www.gitetalassemtane.com\/es\/","name":"Ecoturismo Senderismo Chefchaouen","description":"Turismo Sostenible En Chefchaouen Y Las Monta\u00f1as Del Rif","publisher":{"@id":"https:\/\/www.gitetalassemtane.com\/es\/#\/schema\/person\/da2eed6234fd7fec1eff986aa57e99e2"},"potentialAction":[{"@type":"SearchAction","target":{"@type":"EntryPoint","urlTemplate":"https:\/\/www.gitetalassemtane.com\/es\/?s={search_term_string}"},"query-input":"required name=search_term_string"}],"inLanguage":"es"},{"@type":"ImageObject","inLanguage":"es","@id":"https:\/\/www.gitetalassemtane.com\/es\/la-comida-de-ramadan-marroqui-mas-comun\/#primaryimage","url":"https:\/\/www.gitetalassemtane.com\/es\/wp-content\/uploads\/2016\/12\/morocco-in-ramadan.jpg","contentUrl":"https:\/\/www.gitetalassemtane.com\/es\/wp-content\/uploads\/2016\/12\/morocco-in-ramadan.jpg","width":900,"height":600},{"@type":"WebPage","@id":"https:\/\/www.gitetalassemtane.com\/es\/la-comida-de-ramadan-marroqui-mas-comun\/#webpage","url":"https:\/\/www.gitetalassemtane.com\/es\/la-comida-de-ramadan-marroqui-mas-comun\/","name":"La comida de Ramad\u00e1n marroqu\u00ed m\u00e1s com\u00fan - Ecoturismo Senderismo Chefchaouen","isPartOf":{"@id":"https:\/\/www.gitetalassemtane.com\/es\/#website"},"primaryImageOfPage":{"@id":"https:\/\/www.gitetalassemtane.com\/es\/la-comida-de-ramadan-marroqui-mas-comun\/#primaryimage"},"datePublished":"2022-03-15T12:33:56+00:00","dateModified":"2022-04-11T21:27:58+00:00","breadcrumb":{"@id":"https:\/\/www.gitetalassemtane.com\/es\/la-comida-de-ramadan-marroqui-mas-comun\/#breadcrumb"},"inLanguage":"es","potentialAction":[{"@type":"ReadAction","target":["https:\/\/www.gitetalassemtane.com\/es\/la-comida-de-ramadan-marroqui-mas-comun\/"]}]},{"@type":"BreadcrumbList","@id":"https:\/\/www.gitetalassemtane.com\/es\/la-comida-de-ramadan-marroqui-mas-comun\/#breadcrumb","itemListElement":[{"@type":"ListItem","position":1,"name":"Portada","item":"https:\/\/www.gitetalassemtane.com\/es\/"},{"@type":"ListItem","position":2,"name":"La comida de Ramad\u00e1n marroqu\u00ed m\u00e1s com\u00fan"}]},{"@type":"Article","@id":"https:\/\/www.gitetalassemtane.com\/es\/la-comida-de-ramadan-marroqui-mas-comun\/#article","isPartOf":{"@id":"https:\/\/www.gitetalassemtane.com\/es\/la-comida-de-ramadan-marroqui-mas-comun\/#webpage"},"author":{"@id":"https:\/\/www.gitetalassemtane.com\/es\/#\/schema\/person\/da2eed6234fd7fec1eff986aa57e99e2"},"headline":"La comida de Ramad\u00e1n marroqu\u00ed m\u00e1s com\u00fan","datePublished":"2022-03-15T12:33:56+00:00","dateModified":"2022-04-11T21:27:58+00:00","mainEntityOfPage":{"@id":"https:\/\/www.gitetalassemtane.com\/es\/la-comida-de-ramadan-marroqui-mas-comun\/#webpage"},"wordCount":179,"commentCount":0,"publisher":{"@id":"https:\/\/www.gitetalassemtane.com\/es\/#\/schema\/person\/da2eed6234fd7fec1eff986aa57e99e2"},"image":{"@id":"https:\/\/www.gitetalassemtane.com\/es\/la-comida-de-ramadan-marroqui-mas-comun\/#primaryimage"},"thumbnailUrl":"https:\/\/www.gitetalassemtane.com\/es\/wp-content\/uploads\/2016\/12\/morocco-in-ramadan.jpg","keywords":["passport","plan","world"],"articleSection":["Travel Tips"],"inLanguage":"es","potentialAction":[{"@type":"CommentAction","name":"Comment","target":["https:\/\/www.gitetalassemtane.com\/es\/la-comida-de-ramadan-marroqui-mas-comun\/#respond"]}]},{"@type":["Person","Organization"],"@id":"https:\/\/www.gitetalassemtane.com\/es\/#\/schema\/person\/da2eed6234fd7fec1eff986aa57e99e2","name":"gitetalassemtane","image":{"@type":"ImageObject","inLanguage":"es","@id":"https:\/\/www.gitetalassemtane.com\/es\/#\/schema\/person\/image\/","url":"https:\/\/www.gitetalassemtane.com\/es\/wp-content\/uploads\/2022\/08\/logo-gite.jpeg","contentUrl":"https:\/\/www.gitetalassemtane.com\/es\/wp-content\/uploads\/2022\/08\/logo-gite.jpeg","width":1280,"height":1280,"caption":"gitetalassemtane"},"logo":{"@id":"https:\/\/www.gitetalassemtane.com\/es\/#\/schema\/person\/image\/"},"sameAs":["https:\/\/gitetalassemtane.com"],"url":"https:\/\/www.gitetalassemtane.com\/es\/author\/gitetalassemtane\/"}]}},"_links":{"self":[{"href":"https:\/\/www.gitetalassemtane.com\/es\/wp-json\/wp\/v2\/posts\/72","targetHints":{"allow":["GET"]}}],"collection":[{"href":"https:\/\/www.gitetalassemtane.com\/es\/wp-json\/wp\/v2\/posts"}],"about":[{"href":"https:\/\/www.gitetalassemtane.com\/es\/wp-json\/wp\/v2\/types\/post"}],"author":[{"embeddable":true,"href":"https:\/\/www.gitetalassemtane.com\/es\/wp-json\/wp\/v2\/users\/1"}],"replies":[{"embeddable":true,"href":"https:\/\/www.gitetalassemtane.com\/es\/wp-json\/wp\/v2\/comments?post=72"}],"version-history":[{"count":0,"href":"https:\/\/www.gitetalassemtane.com\/es\/wp-json\/wp\/v2\/posts\/72\/revisions"}],"wp:featuredmedia":[{"embeddable":true,"href":"https:\/\/www.gitetalassemtane.com\/es\/wp-json\/wp\/v2\/media\/4054"}],"wp:attachment":[{"href":"https:\/\/www.gitetalassemtane.com\/es\/wp-json\/wp\/v2\/media?parent=72"}],"wp:term":[{"taxonomy":"category","embeddable":true,"href":"https:\/\/www.gitetalassemtane.com\/es\/wp-json\/wp\/v2\/categories?post=72"},{"taxonomy":"post_tag","embeddable":true,"href":"https:\/\/www.gitetalassemtane.com\/es\/wp-json\/wp\/v2\/tags?post=72"}],"curies":[{"name":"wp","href":"https:\/\/api.w.org\/{rel}","templated":true}]}}